{"id":382,"date":"2023-03-09T15:52:42","date_gmt":"2023-03-09T15:52:42","guid":{"rendered":"https:\/\/likefloripa.com\/?p=382"},"modified":"2023-03-09T15:52:42","modified_gmt":"2023-03-09T15:52:42","slug":"florianopolis-celebra-350-anos-com-livro","status":"publish","type":"post","link":"https:\/\/www.likefloripa.com.br\/en\/florianopolis-celebra-350-anos-com-livro\/","title":{"rendered":"Florian\u00f3polis celebrates 350 years with book"},"content":{"rendered":"<p>Florian\u00f3polis will celebrate its 350th anniversary on March 23, 2023.<\/p>\n\n\n\n<p>To celebrate this special date, Editora Express\u00e3o, in partnership with Florian\u00f3polis City Hall, is launching an extensively illustrated book, telling the story of the city and showing its cosmopolitan profile today.<\/p>\n\n\n\n<p>With a light text and beautiful images, including several infographics, the book will show you what Florian\u00f3polis looks like today and tell you about the city's history, from the visits of the first European travelers to the island of Santa Catarina in the 16th century. <\/p>\n\n\n\n<p>The idea is to create a book that is interesting both for those who already know the city well and for those who don't yet.<br><\/p>\n\n\n\n<figure class=\"wp-block-image size-full\"><img fetchpriority=\"high\" decoding=\"async\" width=\"850\" height=\"562\" src=\"https:\/\/www.likefloripa.com.br\/wp-content\/uploads\/2023\/03\/estilo-devida-em-florianopolis.jpg\" alt=\"Florian\u00f3polis completa 350 anos de funda\u00e7\u00e3o em 23 de mar\u00e7o de 2023. Para celebrar, a Prefeitura de Florian\u00f3polis e a editora Express\u00e3o lan\u00e7ar\u00e3o um livro\" class=\"wp-image-384\" srcset=\"https:\/\/www.likefloripa.com.br\/wp-content\/uploads\/2023\/03\/estilo-devida-em-florianopolis.jpg 850w, https:\/\/www.likefloripa.com.br\/wp-content\/uploads\/2023\/03\/estilo-devida-em-florianopolis-300x198.jpg 300w, https:\/\/www.likefloripa.com.br\/wp-content\/uploads\/2023\/03\/estilo-devida-em-florianopolis-768x508.jpg 768w\" sizes=\"(max-width: 850px) 100vw, 850px\" \/><\/figure>\n\n\n\n<p>The current pillars of Santa Catarina's capital - tourism, technology, education and sustainability - will be highlighted in the initial part of the book. <\/p>\n\n\n\n<p>It will be a great synthesis of a city that combines cosmopolitan characteristics with the preservation of its traditions and natural charms.<\/p>\n\n\n\n<p>Next, we'll delve into history, passing through crucial moments in the city's history, such as the Spanish Invasion of 1777.<\/p>\n\n\n\n<p>The Revolt of the Navy in 1894, the inauguration of the Herc\u00edlio Luz Bridge in 1926 and the Novembrada in 1979.<\/p>\n\n\n\n<p>Historical buildings, such as churches, forts, the \u00c1lvaro de Carvalho Theatre, the Public Market and the Charity Hospital, will be given their due prominence, each of them duly contextualized in their times and purposes. <\/p>\n\n\n\n<h2 class=\"wp-block-heading\">Florian\u00f3polis' cultural characters<\/h2>\n\n\n\n<p>Cultural figures such as painter Victor Meirelles, writer-aviator Antoine de Saint-Exup\u00e9ry, educator and politician Antonieta de Barros and folklore researcher Franklin Cascaes, among many others, will also be remembered in the book.<\/p>\n\n\n\n<p>Other aspects that are part of the city's daily life, such as visits from whales and the rivalry between Ava\u00ed and Figueirense, couldn't be left out.<\/p>\n\n\n\n<p>The exploits of tennis player Gustavo Kuerten, the cultivation of oysters and student life at the Federal University of Santa Catarina (UFSC).<\/p>\n\n\n\n<p>The book will also include curiosities, such as the various islets around Santa Catarina Island and the controversy over the exact number of beaches on the island. <\/p>\n\n\n\n<p>In fact, the work will remind us that Florian\u00f3polis is not just the island - the mainland is important and representative.<\/p>\n\n\n\n<p><\/p>","protected":false},"excerpt":{"rendered":"<p>Florian\u00f3polis celebrates its 350th anniversary on March 23, 2023. To celebrate, Florian\u00f3polis City Hall and the publishing house Express\u00e3o will be launching a book<\/p>","protected":false},"author":2,"featured_media":383,"comment_status":"open","ping_status":"open","sticky":false,"template":"","format":"standard","meta":{"footnotes":""},"categories":[1],"tags":[],"class_list":["post-382","post","type-post","status-publish","format-standard","has-post-thumbnail","hentry","category-servicos"],"_links":{"self":[{"href":"https:\/\/www.likefloripa.com.br\/en\/wp-json\/wp\/v2\/posts\/382","targetHints":{"allow":["GET"]}}],"collection":[{"href":"https:\/\/www.likefloripa.com.br\/en\/wp-json\/wp\/v2\/posts"}],"about":[{"href":"https:\/\/www.likefloripa.com.br\/en\/wp-json\/wp\/v2\/types\/post"}],"author":[{"embeddable":true,"href":"https:\/\/www.likefloripa.com.br\/en\/wp-json\/wp\/v2\/users\/2"}],"replies":[{"embeddable":true,"href":"https:\/\/www.likefloripa.com.br\/en\/wp-json\/wp\/v2\/comments?post=382"}],"version-history":[{"count":0,"href":"https:\/\/www.likefloripa.com.br\/en\/wp-json\/wp\/v2\/posts\/382\/revisions"}],"wp:featuredmedia":[{"embeddable":true,"href":"https:\/\/www.likefloripa.com.br\/en\/wp-json\/wp\/v2\/media\/383"}],"wp:attachment":[{"href":"https:\/\/www.likefloripa.com.br\/en\/wp-json\/wp\/v2\/media?parent=382"}],"wp:term":[{"taxonomy":"category","embeddable":true,"href":"https:\/\/www.likefloripa.com.br\/en\/wp-json\/wp\/v2\/categories?post=382"},{"taxonomy":"post_tag","embeddable":true,"href":"https:\/\/www.likefloripa.com.br\/en\/wp-json\/wp\/v2\/tags?post=382"}],"curies":[{"name":"wp","href":"https:\/\/api.w.org\/{rel}","templated":true}]}}